{"id":6898,"date":"2026-05-12T15:58:55","date_gmt":"2026-05-12T14:58:55","guid":{"rendered":"https:\/\/nohumantrafficking.orderofmalta.int\/?post_type=news&#038;p=6898"},"modified":"2026-05-15T14:11:08","modified_gmt":"2026-05-15T13:11:08","slug":"rencontre-avec-des-representants-du-dicastere-pour-la-promotion-du-developpement-humain-integral-rome-12-mai-2026","status":"publish","type":"news","link":"https:\/\/nohumantrafficking.orderofmalta.int\/fr\/actualites\/rencontre-avec-des-representants-du-dicastere-pour-la-promotion-du-developpement-humain-integral-rome-12-mai-2026\/","title":{"rendered":"Rencontre avec des repr\u00e9sentants du Dicast\u00e8re pour la promotion du d\u00e9veloppement humain int\u00e9gral &#8211; Cit\u00e9 du Vatican, 12 mai 2026"},"featured_media":0,"menu_order":0,"template":"","class_list":["post-6898","news","type-news","status-publish","hentry"],"acf":{"evidence":"yes","breaking":"yes","focus_on":"no","news_cover":{"id":6896,"url":"https:\/\/nohumantrafficking.orderofmalta.int\/wp-content\/uploads\/sites\/18\/2026\/05\/IMG_7214-scaled.jpeg"},"news_content":"<p data-start=\"83\" data-end=\"622\">L\u2019Ambassadeur Michel Veuthey, accompagn\u00e9 de son Conseiller, Emanuele Piluso, a rencontr\u00e9 le mardi 12 mai, au Dicast\u00e8re pour le Service du D\u00e9veloppement Humain Int\u00e9gral, \u00e0 la Cit\u00e9 du Vatican, des repr\u00e9sentants de celui-ci afin d\u2019aborder la question de la traite des \u00eatres humains. L\u2019objectif principal de cette r\u00e9union \u00e9tait d\u2019\u00e9tablir un premier contact avec le P\u00e8re Paolo Parise, C.S., r\u00e9cemment nomm\u00e9 point focal du Dicast\u00e8re pour la lutte contre la traite des \u00eatres humains, ainsi que d\u2019explorer les perspectives de collaboration future.<\/p>\n<p data-start=\"624\" data-end=\"885\">Le Dicast\u00e8re \u00e9tait repr\u00e9sent\u00e9 par le P\u00e8re Paolo Parise, Mme Pascale Debbane et M. Gabriele Verga. Son \u00c9minence le Cardinal Michael Czerny, S.J., Pr\u00e9fet du Dicast\u00e8re pour le Service du D\u00e9veloppement Humain Int\u00e9gral, s\u2019est \u00e9galement joint bri\u00e8vement \u00e0 la r\u00e9union.<\/p>\n<p data-start=\"887\" data-end=\"1220\">Au cours des \u00e9changes, le Dicast\u00e8re a r\u00e9affirm\u00e9 son ferme engagement dans la lutte contre la traite des \u00eatres humains sous toutes ses formes. Il a exprim\u00e9 son plein soutien aux initiatives de l\u2019Ambassadeur dans ce domaine, soulignant sa disponibilit\u00e9 \u00e0 collaborer, notamment par le biais de parrainages et d\u2019une participation active.<\/p>\n<p data-start=\"1222\" data-end=\"1513\">Le Dicast\u00e8re a \u00e9galement mis en avant sa capacit\u00e9 \u00e0 faciliter l\u2019action au niveau local en fournissant des contacts et des r\u00e9seaux cl\u00e9s, dans le but de renforcer l\u2019efficacit\u00e9 op\u00e9rationnelle \u2014 en particulier gr\u00e2ce \u00e0 une coordination \u00e9troite avec les acteurs directement engag\u00e9s sur le terrain.<\/p>\n<p data-start=\"1515\" data-end=\"1739\">L\u2019Ambassadeur Veuthey a attir\u00e9 l\u2019attention sur deux initiatives remarquables : la Bakhita House \u00e0 Lagos, dirig\u00e9e par S\u0153ur Patricia Ebegbulem des S\u0153urs de Saint Louis, ainsi que le travail men\u00e9 par S\u0153ur Franca du Bon Pasteur.<\/p>\n<p data-start=\"1741\" data-end=\"2016\">La r\u00e9union s\u2019est conclue par un engagement commun \u00e0 d\u00e9velopper des formes concr\u00e8tes de coop\u00e9ration, notamment dans les domaines du plaidoyer et de la formation, en s\u2019appuyant sur le r\u00f4le institutionnel du Dicast\u00e8re et sa pr\u00e9sence \u00e9tablie dans les contextes locaux pertinents.<\/p>\n","news_gallery":"no","hidden_news":"no","cover_image_copyrighted":false},"news_categories":[],"_links":{"self":[{"href":"https:\/\/nohumantrafficking.orderofmalta.int\/fr\/wp-json\/wp\/v2\/notizie\/6898","targetHints":{"allow":["GET"]}}],"collection":[{"href":"https:\/\/nohumantrafficking.orderofmalta.int\/fr\/wp-json\/wp\/v2\/notizie"}],"about":[{"href":"https:\/\/nohumantrafficking.orderofmalta.int\/fr\/wp-json\/wp\/v2\/types\/news"}],"version-history":[{"count":5,"href":"https:\/\/nohumantrafficking.orderofmalta.int\/fr\/wp-json\/wp\/v2\/notizie\/6898\/revisions"}],"predecessor-version":[{"id":6928,"href":"https:\/\/nohumantrafficking.orderofmalta.int\/fr\/wp-json\/wp\/v2\/notizie\/6898\/revisions\/6928"}],"wp:attachment":[{"href":"https:\/\/nohumantrafficking.orderofmalta.int\/fr\/wp-json\/wp\/v2\/media?parent=6898"}],"curies":[{"name":"wp","href":"https:\/\/api.w.org\/{rel}","templated":true}]}}