{"id":6850,"date":"2026-04-29T08:24:39","date_gmt":"2026-04-29T07:24:39","guid":{"rendered":"https:\/\/nohumantrafficking.orderofmalta.int\/?post_type=news&#038;p=6850"},"modified":"2026-04-29T08:55:53","modified_gmt":"2026-04-29T07:55:53","slug":"intervention-de-lambassadeur-michel-veuthey-lors-de-la-reunion-du-groupe-de-travail-sur-la-politique-humanitaire-de-caritas-geneve-le-28-avril-2026","status":"publish","type":"news","link":"https:\/\/nohumantrafficking.orderofmalta.int\/fr\/actualites\/intervention-de-lambassadeur-michel-veuthey-lors-de-la-reunion-du-groupe-de-travail-sur-la-politique-humanitaire-de-caritas-geneve-le-28-avril-2026\/","title":{"rendered":"Intervention de l&rsquo;ambassadeur Michel Veuthey lors de la r\u00e9union du groupe de travail sur la politique humanitaire de Caritas \u2013 Gen\u00e8ve, le 28 avril 2026"},"featured_media":0,"menu_order":0,"template":"","class_list":["post-6850","news","type-news","status-publish","hentry"],"acf":{"evidence":"yes","breaking":"yes","focus_on":"no","news_cover":{"id":6829,"url":"https:\/\/nohumantrafficking.orderofmalta.int\/wp-content\/uploads\/sites\/18\/2026\/04\/IMG_3197-scaled.jpg"},"news_content":"<p>Le 28 avril, l\u2019ambassadeur Michel Veuthey a \u00e9t\u00e9 invit\u00e9 par Caritas \u00e0 participer \u00e0 une r\u00e9union de son groupe de travail sur la politique humanitaire afin d\u2019intervenir sur le r\u00f4le des organisations confessionnelles dans la promotion du droit international humanitaire. Son intervention a d\u2019abord port\u00e9 sur la l\u00e9gitimit\u00e9 dont jouissent ces organisations dans la promotion du DIH. Il a ensuite \u00e9voqu\u00e9 le r\u00f4le historique de l\u2019Ordre de Malte dans la promotion et l\u2019application du DIH, ainsi que son r\u00f4le actuel dans la diplomatie internationale. Il a conclu son intervention en formulant plusieurs recommandations \u00e0 l&rsquo;intention des organisations confessionnelles pour une promotion efficace du DIH.<\/p>\n","news_gallery":"no","hidden_news":"no","cover_image_copyrighted":false},"news_categories":[],"_links":{"self":[{"href":"https:\/\/nohumantrafficking.orderofmalta.int\/fr\/wp-json\/wp\/v2\/notizie\/6850","targetHints":{"allow":["GET"]}}],"collection":[{"href":"https:\/\/nohumantrafficking.orderofmalta.int\/fr\/wp-json\/wp\/v2\/notizie"}],"about":[{"href":"https:\/\/nohumantrafficking.orderofmalta.int\/fr\/wp-json\/wp\/v2\/types\/news"}],"version-history":[{"count":1,"href":"https:\/\/nohumantrafficking.orderofmalta.int\/fr\/wp-json\/wp\/v2\/notizie\/6850\/revisions"}],"predecessor-version":[{"id":6851,"href":"https:\/\/nohumantrafficking.orderofmalta.int\/fr\/wp-json\/wp\/v2\/notizie\/6850\/revisions\/6851"}],"wp:attachment":[{"href":"https:\/\/nohumantrafficking.orderofmalta.int\/fr\/wp-json\/wp\/v2\/media?parent=6850"}],"curies":[{"name":"wp","href":"https:\/\/api.w.org\/{rel}","templated":true}]}}