{"id":6776,"date":"2026-03-25T11:47:47","date_gmt":"2026-03-25T10:47:47","guid":{"rendered":"https:\/\/nohumantrafficking.orderofmalta.int\/?post_type=news&#038;p=6776"},"modified":"2026-06-22T09:01:39","modified_gmt":"2026-06-22T08:01:39","slug":"le-non-respect-des-conventions-de-geneve-risques-politiques-economiques-militaires-et-ethiques-reflexions-personnelles-sur-les-conflits-contemporains","status":"publish","type":"news","link":"https:\/\/nohumantrafficking.orderofmalta.int\/fr\/actualites\/le-non-respect-des-conventions-de-geneve-risques-politiques-economiques-militaires-et-ethiques-reflexions-personnelles-sur-les-conflits-contemporains\/","title":{"rendered":"Le non-respect des Conventions de Gen\u00e8ve : risques politiques, \u00e9conomiques, militaires et \u00e9thiques &#8211; R\u00e9flexions personnelles sur les conflits contemporains"},"featured_media":0,"menu_order":0,"template":"","class_list":["post-6776","news","type-news","status-publish","hentry"],"acf":{"evidence":"no","breaking":"no","focus_on":"no","news_cover":{"id":6774,"url":"https:\/\/nohumantrafficking.orderofmalta.int\/wp-content\/uploads\/sites\/18\/2026\/03\/Capture-decran-2026-03-25-a-11.47.26.png"},"news_content":"<p><a href=\"https:\/\/nohumantrafficking.orderofmalta.int\/wp-content\/uploads\/sites\/18\/2026\/03\/17062601.pdf\">Revue Militaire Suisse &#8211; Respecter les Conventions de Gen\u00e8ve<\/a><\/p>\n<p>&nbsp;<\/p>\n","news_gallery":"no","hidden_news":"no","cover_image_copyrighted":false},"news_categories":[],"_links":{"self":[{"href":"https:\/\/nohumantrafficking.orderofmalta.int\/fr\/wp-json\/wp\/v2\/notizie\/6776","targetHints":{"allow":["GET"]}}],"collection":[{"href":"https:\/\/nohumantrafficking.orderofmalta.int\/fr\/wp-json\/wp\/v2\/notizie"}],"about":[{"href":"https:\/\/nohumantrafficking.orderofmalta.int\/fr\/wp-json\/wp\/v2\/types\/news"}],"version-history":[{"count":3,"href":"https:\/\/nohumantrafficking.orderofmalta.int\/fr\/wp-json\/wp\/v2\/notizie\/6776\/revisions"}],"predecessor-version":[{"id":6950,"href":"https:\/\/nohumantrafficking.orderofmalta.int\/fr\/wp-json\/wp\/v2\/notizie\/6776\/revisions\/6950"}],"wp:attachment":[{"href":"https:\/\/nohumantrafficking.orderofmalta.int\/fr\/wp-json\/wp\/v2\/media?parent=6776"}],"curies":[{"name":"wp","href":"https:\/\/api.w.org\/{rel}","templated":true}]}}