{"id":6768,"date":"2026-03-19T17:12:18","date_gmt":"2026-03-19T16:12:18","guid":{"rendered":"https:\/\/nohumantrafficking.orderofmalta.int\/?post_type=news&#038;p=6768"},"modified":"2026-03-19T17:20:19","modified_gmt":"2026-03-19T16:20:19","slug":"journee-mondiale-de-la-trisomie-21-de-la-solitude-a-linclusion-allocution-de-lambassadeur-michel-veuthey-19-mars-2026-palais-des-nations-geneve","status":"publish","type":"news","link":"https:\/\/nohumantrafficking.orderofmalta.int\/fr\/actualites\/journee-mondiale-de-la-trisomie-21-de-la-solitude-a-linclusion-allocution-de-lambassadeur-michel-veuthey-19-mars-2026-palais-des-nations-geneve\/","title":{"rendered":"Journ\u00e9e mondiale de la trisomie 21 : de la solitude \u00e0 l&rsquo;inclusion, allocution de l&rsquo;ambassadeur Michel Veuthey &#8211; 19 mars 2026, Palais des Nations, Gen\u00e8ve"},"featured_media":0,"menu_order":0,"template":"","class_list":["post-6768","news","type-news","status-publish","hentry"],"acf":{"evidence":"no","breaking":"no","focus_on":"no","news_cover":{"id":6760,"url":"https:\/\/nohumantrafficking.orderofmalta.int\/wp-content\/uploads\/sites\/18\/2026\/03\/IMG_3112-scaled.jpg"},"news_content":"<p>Le 19 mars, \u00e0 l\u2019occasion de la Journ\u00e9e mondiale du syndrome de Down (21 mars), l\u2019ambassadeur Michel Veuthey a \u00e9t\u00e9 invit\u00e9 \u00e0 participer en tant qu\u2019intervenant \u00e0 un \u00e9v\u00e9nement organis\u00e9 par la Fondation J\u00e9r\u00f4me Lejeune. Dans son allocution, l&rsquo;ambassadeur a soulign\u00e9 la longue tradition de l&rsquo;Ordre de Malte au service des plus vuln\u00e9rables, mentionnant les nombreuses activit\u00e9s que l&rsquo;Ordre de Malte m\u00e8ne \u00e0 travers le monde pour soutenir les personnes en situation de handicap, en particulier celles atteintes de trisomie 21.<\/p>\n<p><a href=\"https:\/\/nohumantrafficking.orderofmalta.int\/wp-content\/uploads\/sites\/18\/2026\/03\/Statement-5.pdf\">ICI<\/a> se trouve l&rsquo;allocution de l&rsquo;Ambassadeur.<\/p>\n","news_gallery":"no","hidden_news":"no","cover_image_copyrighted":false},"news_categories":[],"_links":{"self":[{"href":"https:\/\/nohumantrafficking.orderofmalta.int\/fr\/wp-json\/wp\/v2\/notizie\/6768","targetHints":{"allow":["GET"]}}],"collection":[{"href":"https:\/\/nohumantrafficking.orderofmalta.int\/fr\/wp-json\/wp\/v2\/notizie"}],"about":[{"href":"https:\/\/nohumantrafficking.orderofmalta.int\/fr\/wp-json\/wp\/v2\/types\/news"}],"version-history":[{"count":1,"href":"https:\/\/nohumantrafficking.orderofmalta.int\/fr\/wp-json\/wp\/v2\/notizie\/6768\/revisions"}],"predecessor-version":[{"id":6769,"href":"https:\/\/nohumantrafficking.orderofmalta.int\/fr\/wp-json\/wp\/v2\/notizie\/6768\/revisions\/6769"}],"wp:attachment":[{"href":"https:\/\/nohumantrafficking.orderofmalta.int\/fr\/wp-json\/wp\/v2\/media?parent=6768"}],"curies":[{"name":"wp","href":"https:\/\/api.w.org\/{rel}","templated":true}]}}