{"id":6638,"date":"2026-01-23T15:21:00","date_gmt":"2026-01-23T14:21:00","guid":{"rendered":"https:\/\/nohumantrafficking.orderofmalta.int\/?post_type=news&#038;p=6638"},"modified":"2026-02-11T17:04:54","modified_gmt":"2026-02-11T16:04:54","slug":"evenement-sur-la-traite-des-etres-humains-en-marge-du-forum-economique-mondial-a-abraham-house-davos-le-22-janvier-2026","status":"publish","type":"news","link":"https:\/\/nohumantrafficking.orderofmalta.int\/fr\/actualites\/evenement-sur-la-traite-des-etres-humains-en-marge-du-forum-economique-mondial-a-abraham-house-davos-le-22-janvier-2026\/","title":{"rendered":"\u00c9v\u00e9nement sur la traite des \u00eatres humains en marge du Forum \u00e9conomique mondial \u00e0 Abraham House, Davos, le 22 janvier 2026"},"featured_media":0,"menu_order":0,"template":"","class_list":["post-6638","news","type-news","status-publish","hentry"],"acf":{"evidence":"yes","breaking":"yes","focus_on":"no","news_cover":{"id":6635,"url":"https:\/\/nohumantrafficking.orderofmalta.int\/wp-content\/uploads\/sites\/18\/2026\/01\/PHOTO-2026-01-22-18-55-30.jpg"},"news_content":"<p>\u00c0 l&rsquo;occasion du Forum \u00e9conomique mondial qui s&rsquo;est tenu \u00e0 Davos, S.E. l&rsquo;Ambassadeur Michel Veuthey a \u00e9t\u00e9 invit\u00e9 par Mme Patrizia Mori \u00e0 participer \u00e0 une table ronde sur la traite des \u00eatres humains \u00e0 l&rsquo;Abraham House. Mme Tatiana Kotlayrenko, membre du groupe de travail IF20 sur la traite des \u00eatres humains, ancienne conseill\u00e8re sur les questions de lutte contre la traite au Bureau des institutions d\u00e9mocratiques et des droits de l&rsquo;homme de l&rsquo;OSCE, et M. Maxwell Gail ont \u00e9galement particip\u00e9 \u00e0 la table ronde avec S.E. l&rsquo;Ambassadeur Michel Veuthey.<\/p>\n<p>Dans son intervention, l&rsquo;Ambassadeur a rappel\u00e9 la mission de l&rsquo;Ordre de Malte qui consiste \u00e0 prot\u00e9ger les plus d\u00e9munis et \u00e0 d\u00e9fendre la foi, soulignant l&rsquo;importance de lutter contre la traite des \u00eatres humains afin de mener \u00e0 bien cette mission. Il a \u00e9galement mis l&rsquo;accent sur la pr\u00e9sence mondiale de l&rsquo;Ordre et a soulign\u00e9 les enseignements tir\u00e9s de la conf\u00e9rence de Rome, en particulier ceux visant \u00e0 am\u00e9liorer la transparence dans le secteur \u00e9conomique.<\/p>\n<p>Vid\u00e9o: Louis Mouchet &#8211; https:\/\/www.neovisionprod.com<\/p>\n","news_gallery":"no","hidden_news":"no","cover_image_copyrighted":false,"news_video":"<iframe title=\"World Economic Forum 2026, Panel on Human Trafficking at the Abraham House\" width=\"693\" height=\"390\" src=\"https:\/\/www.youtube.com\/embed\/-so10UvMonc?feature=oembed\" frameborder=\"0\" allow=\"accelerometer; autoplay; clipboard-write; encrypted-media; gyroscope; picture-in-picture; web-share\" referrerpolicy=\"strict-origin-when-cross-origin\" allowfullscreen><\/iframe>"},"news_categories":[],"_links":{"self":[{"href":"https:\/\/nohumantrafficking.orderofmalta.int\/fr\/wp-json\/wp\/v2\/notizie\/6638","targetHints":{"allow":["GET"]}}],"collection":[{"href":"https:\/\/nohumantrafficking.orderofmalta.int\/fr\/wp-json\/wp\/v2\/notizie"}],"about":[{"href":"https:\/\/nohumantrafficking.orderofmalta.int\/fr\/wp-json\/wp\/v2\/types\/news"}],"version-history":[{"count":3,"href":"https:\/\/nohumantrafficking.orderofmalta.int\/fr\/wp-json\/wp\/v2\/notizie\/6638\/revisions"}],"predecessor-version":[{"id":6732,"href":"https:\/\/nohumantrafficking.orderofmalta.int\/fr\/wp-json\/wp\/v2\/notizie\/6638\/revisions\/6732"}],"wp:attachment":[{"href":"https:\/\/nohumantrafficking.orderofmalta.int\/fr\/wp-json\/wp\/v2\/media?parent=6638"}],"curies":[{"name":"wp","href":"https:\/\/api.w.org\/{rel}","templated":true}]}}