{"id":6373,"date":"2025-10-15T10:23:26","date_gmt":"2025-10-15T09:23:26","guid":{"rendered":"https:\/\/nohumantrafficking.orderofmalta.int\/?post_type=news&#038;p=6373"},"modified":"2025-10-15T10:24:27","modified_gmt":"2025-10-15T09:24:27","slug":"15e-session-du-groupe-de-travail-sur-la-traite-des-personnes-6-7-octobre-2025-et-12e-session-du-groupe-de-travail-sur-le-trafic-illicite-de-migrants-9-10-octobre-2025-vie","status":"publish","type":"news","link":"https:\/\/nohumantrafficking.orderofmalta.int\/fr\/actualites\/15e-session-du-groupe-de-travail-sur-la-traite-des-personnes-6-7-octobre-2025-et-12e-session-du-groupe-de-travail-sur-le-trafic-illicite-de-migrants-9-10-octobre-2025-vie\/","title":{"rendered":"15e session du Groupe de travail sur la traite des personnes (6\u20137 octobre 2025) et 12e session du Groupe de travail sur le trafic illicite de migrants (9\u201310 octobre 2025) \u2013 Vienne"},"featured_media":0,"menu_order":0,"template":"","class_list":["post-6373","news","type-news","status-publish","hentry"],"acf":{"evidence":"no","breaking":"no","focus_on":"no","news_cover":{"id":6371,"url":"https:\/\/nohumantrafficking.orderofmalta.int\/wp-content\/uploads\/sites\/18\/2025\/10\/WhatsApp-Image-2025-10-13-at-10.02.32_2b1617c1.jpg"},"news_content":"<article class=\"text-token-text-primary w-full focus:outline-none [--shadow-height:45px] has-data-writing-block:pointer-events-none has-data-writing-block:-mt-(--shadow-height) has-data-writing-block:pt-(--shadow-height) [&amp;:has([data-writing-block])&gt;*]:pointer-events-auto [content-visibility:auto] supports-[content-visibility:auto]:[contain-intrinsic-size:auto_100lvh] scroll-mt-[calc(var(--header-height)+min(200px,max(70px,20svh)))]\" dir=\"auto\" data-turn-id=\"request-68ef628a-99fc-832f-8d61-d9f15f8630ea-4\" data-testid=\"conversation-turn-10\" data-scroll-anchor=\"true\" data-turn=\"assistant\">\n<div class=\"text-base my-auto mx-auto pb-10 [--thread-content-margin:--spacing(4)] thread-sm:[--thread-content-margin:--spacing(6)] thread-lg:[--thread-content-margin:--spacing(16)] px-(--thread-content-margin)\">\n<div class=\"[--thread-content-max-width:40rem] thread-lg:[--thread-content-max-width:48rem] mx-auto max-w-(--thread-content-max-width) flex-1 group\/turn-messages focus-visible:outline-hidden relative flex w-full min-w-0 flex-col agent-turn\">\n<div class=\"z-0 flex min-h-[46px] justify-start\">\n<p data-start=\"185\" data-end=\"819\">La 15e session du Groupe de travail sur la traite des personnes (6\u20137 octobre 2025) et la 12e session du Groupe de travail sur le trafic illicite de migrants (9\u201310 octobre 2025) se sont tenues \u00e0 Vienne dans le cadre de la Convention des Nations Unies contre la criminalit\u00e9 transnationale organis\u00e9e. L\u2019Ordre souverain de Malte y a particip\u00e9 par l\u2019interm\u00e9diaire de sa Mission permanente d\u2019observation, avec la participation active de S.E. Michel Veuthey, Ambassadeur charg\u00e9 de la surveillance et de la lutte contre la traite des personnes, soulignant ainsi l\u2019engagement humanitaire de l\u2019Ordre en mati\u00e8re de protection et de pr\u00e9vention.<\/p>\n<p data-start=\"821\" data-end=\"1719\">La session consacr\u00e9e \u00e0 la traite des personnes a mis en \u00e9vidence la complexit\u00e9 croissante des affaires de traite et a soulign\u00e9 la n\u00e9cessit\u00e9 urgente de renforcer les capacit\u00e9s num\u00e9riques, de d\u00e9velopper l\u2019intelligence financi\u00e8re et de promouvoir la coop\u00e9ration transfrontali\u00e8re. Elle a sugg\u00e9r\u00e9 que l\u2019Ordre souverain de Malte puisse s\u2019engager dans des partenariats visant \u00e0 d\u00e9velopper l\u2019expertise m\u00e9dico-l\u00e9gale et \u00e0 offrir une assistance \u00e0 long terme aux victimes, en particulier dans les r\u00e9gions touch\u00e9es par la traite li\u00e9e aux escroqueries en ligne. L\u2019accent mis sur le tra\u00e7age des cryptomonnaies et l\u2019intelligence artificielle ouvre \u00e9galement de nouvelles perspectives de collaboration avec les secteurs financier et technologique. Ces priorit\u00e9s s\u2019accordent pleinement avec la mission humanitaire de l\u2019Ordre, offrant des moyens concrets de contribuer \u00e0 la fois \u00e0 la pr\u00e9vention et \u00e0 la protection.<\/p>\n<p data-start=\"1721\" data-end=\"2559\" data-is-last-node=\"\" data-is-only-node=\"\">Quant \u00e0 la session sur le trafic illicite de migrants, elle a soulign\u00e9 l\u2019importance d\u2019une approche coordonn\u00e9e et fond\u00e9e sur les droits humains pour lutter contre ce ph\u00e9nom\u00e8ne. Elle a propos\u00e9 que l\u2019Ordre souverain de Malte renforce sa pr\u00e9sence humanitaire dans les zones de transit et \u00e9largisse son soutien aux programmes d\u2019assistance juridique et d\u2019h\u00e9bergement destin\u00e9s aux migrants concern\u00e9s. L\u2019attention port\u00e9e \u00e0 la perturbation des r\u00e9seaux num\u00e9riques et \u00e0 l\u2019harmonisation l\u00e9gislative ouvre \u00e9galement des possibilit\u00e9s de coop\u00e9ration avec la soci\u00e9t\u00e9 civile, les juristes et les acteurs technologiques. Par son engagement dans les actions \u00e0 la fois pr\u00e9ventives et protectrices, l\u2019Ordre peut contribuer \u00e0 faire en sorte que les r\u00e9ponses apport\u00e9es au trafic de migrants respectent la dignit\u00e9 humaine et les principes du droit international.<\/p>\n<\/div>\n<div class=\"mt-3 w-full empty:hidden\">\n<div class=\"text-center\"><\/div>\n<\/div>\n<\/div>\n<\/div>\n<\/article>\n<div class=\"pointer-events-none h-px w-px\" aria-hidden=\"true\" data-edge=\"true\"><\/div>\n","news_gallery":"no","hidden_news":"no","cover_image_copyrighted":false},"news_categories":[],"_links":{"self":[{"href":"https:\/\/nohumantrafficking.orderofmalta.int\/fr\/wp-json\/wp\/v2\/notizie\/6373","targetHints":{"allow":["GET"]}}],"collection":[{"href":"https:\/\/nohumantrafficking.orderofmalta.int\/fr\/wp-json\/wp\/v2\/notizie"}],"about":[{"href":"https:\/\/nohumantrafficking.orderofmalta.int\/fr\/wp-json\/wp\/v2\/types\/news"}],"version-history":[{"count":0,"href":"https:\/\/nohumantrafficking.orderofmalta.int\/fr\/wp-json\/wp\/v2\/notizie\/6373\/revisions"}],"wp:attachment":[{"href":"https:\/\/nohumantrafficking.orderofmalta.int\/fr\/wp-json\/wp\/v2\/media?parent=6373"}],"curies":[{"name":"wp","href":"https:\/\/api.w.org\/{rel}","templated":true}]}}