{"id":6315,"date":"2025-09-17T16:20:39","date_gmt":"2025-09-17T15:20:39","guid":{"rendered":"https:\/\/nohumantrafficking.orderofmalta.int\/?post_type=news&#038;p=6315"},"modified":"2025-09-18T08:54:33","modified_gmt":"2025-09-18T07:54:33","slug":"cdh60-evenement-parallele-sur-la-famille-comme-pierre-angulaire-defendre-le-role-des-parents-dans-la-garantie-du-droit-a-leducation-avec-la-fafce-la-mission-permanente-du-saint-si","status":"publish","type":"news","link":"https:\/\/nohumantrafficking.orderofmalta.int\/fr\/actualites\/cdh60-evenement-parallele-sur-la-famille-comme-pierre-angulaire-defendre-le-role-des-parents-dans-la-garantie-du-droit-a-leducation-avec-la-fafce-la-mission-permanente-du-saint-si\/","title":{"rendered":"CDH60 &#8211; \u00c9v\u00e9nement parall\u00e8le sur \u00ab La famille comme pierre angulaire : d\u00e9fendre le r\u00f4le des parents dans la garantie du droit \u00e0 l&rsquo;\u00e9ducation \u00bb avec la FAFCE, la Mission permanente du Saint-Si\u00e8ge \u00e0 Gen\u00e8ve et l&rsquo;OIDEL &#8211; 16 septembre 2025, Palais des Nations, Gen\u00e8ve"},"featured_media":0,"menu_order":0,"template":"","class_list":["post-6315","news","type-news","status-publish","hentry"],"acf":{"evidence":"yes","breaking":"no","focus_on":"no","news_cover":{"id":6312,"url":"https:\/\/nohumantrafficking.orderofmalta.int\/wp-content\/uploads\/sites\/18\/2025\/09\/IMG_2483-scaled.jpg"},"news_content":"<p>\u00c0 l&rsquo;occasion de la 60e session du Conseil des droits de l&rsquo;homme des Nations Unies, S.E. l&rsquo;ambassadeur Michel Veuthey a anim\u00e9 une table ronde sur le th\u00e8me \u00ab La famille comme pierre angulaire : d\u00e9fendre le r\u00f4le des parents dans la garantie du droit \u00e0 l&rsquo;\u00e9ducation \u00bb, organis\u00e9e avec la Mission permanente du Saint-Si\u00e8ge aupr\u00e8s des Nations Unies \u00e0 Gen\u00e8ve, la FAFCE, et l&rsquo;OIDEL. La Repr\u00e9sentante permanente de la Hongrie \u00e0 Gen\u00e8ve, S.E. \u00a0Zs\u00f3fia\u00a0<strong class=\"representative-last-name\">Havasi\u00a0<\/strong>faisiait \u00e9galement partie des panelists.<\/p>\n<p>Dans son allocution liminaire, l&rsquo;ambassadeur Michel Veuthey a saisi l&rsquo;occasion pour souligner le r\u00f4le de l&rsquo;\u00e9ducation et de la famille dans la pr\u00e9vention et la lutte contre la traite des \u00eatres humains.<\/p>\n<p>Cet \u00e9v\u00e9nement a \u00e9galement \u00e9t\u00e9 l&rsquo;occasion id\u00e9ale de mettre en avant l&rsquo;importance de la famille dans la construction d&rsquo;une soci\u00e9t\u00e9 meilleure.<\/p>\n<p>Vous pouvez retrouver l&rsquo;intervention de l&rsquo;ambassadeur <a href=\"https:\/\/kdrive.infomaniak.com\/app\/share\/111675\/1004dc73-638d-49a6-8d94-675d61ab6162\">ICI<\/a>.<\/p>\n<p>&nbsp;<\/p>\n","news_gallery":"no","hidden_news":"no","cover_image_copyrighted":false},"news_categories":[],"_links":{"self":[{"href":"https:\/\/nohumantrafficking.orderofmalta.int\/fr\/wp-json\/wp\/v2\/notizie\/6315","targetHints":{"allow":["GET"]}}],"collection":[{"href":"https:\/\/nohumantrafficking.orderofmalta.int\/fr\/wp-json\/wp\/v2\/notizie"}],"about":[{"href":"https:\/\/nohumantrafficking.orderofmalta.int\/fr\/wp-json\/wp\/v2\/types\/news"}],"version-history":[{"count":0,"href":"https:\/\/nohumantrafficking.orderofmalta.int\/fr\/wp-json\/wp\/v2\/notizie\/6315\/revisions"}],"wp:attachment":[{"href":"https:\/\/nohumantrafficking.orderofmalta.int\/fr\/wp-json\/wp\/v2\/media?parent=6315"}],"curies":[{"name":"wp","href":"https:\/\/api.w.org\/{rel}","templated":true}]}}