{"id":6297,"date":"2025-09-10T09:51:52","date_gmt":"2025-09-10T08:51:52","guid":{"rendered":"https:\/\/nohumantrafficking.orderofmalta.int\/?post_type=news&#038;p=6297"},"modified":"2025-09-18T08:56:06","modified_gmt":"2025-09-18T07:56:06","slug":"conference-nous-ne-donnons-pas-par-charite-ce-qui-est-deja-du-en-justice-la-societe-de-la-gratuite-et-laction-politique-6-septembre-2025-rimini","status":"publish","type":"news","link":"https:\/\/nohumantrafficking.orderofmalta.int\/fr\/actualites\/conference-nous-ne-donnons-pas-par-charite-ce-qui-est-deja-du-en-justice-la-societe-de-la-gratuite-et-laction-politique-6-septembre-2025-rimini\/","title":{"rendered":"Conf\u00e9rence \u00ab Nous ne donnons pas par charit\u00e9 ce qui est d\u00e9j\u00e0 d\u00fb en justice : la soci\u00e9t\u00e9 de la gratuit\u00e9 et l&rsquo;action politique \u00bb &#8211; 6 septembre 2025, Rimini"},"featured_media":0,"menu_order":0,"template":"","class_list":["post-6297","news","type-news","status-publish","hentry"],"acf":{"evidence":"yes","breaking":"no","focus_on":"no","news_cover":{"id":6295,"url":"https:\/\/nohumantrafficking.orderofmalta.int\/wp-content\/uploads\/sites\/18\/2025\/09\/WhatsApp-Image-2025-09-09-at-09.53.22_2b1c70ec.jpg"},"news_content":"<p>Le 6 septembre 2025, l&rsquo;Associazione Comunit\u00e0 Papa Giovanni XXIII (APG23) a organis\u00e9 \u00e0 Rimini une conf\u00e9rence internationale intitul\u00e9e \u00ab Nous ne donnons pas par charit\u00e9 ce qui est d\u00e9j\u00e0 d\u00fb en justice : la soci\u00e9t\u00e9 de la gratuit\u00e9 et l&rsquo;action politique \u00bb, marquant le centenaire du p\u00e8re Oreste Benzi.<\/p>\n<p>L&rsquo;\u00e9v\u00e9nement a r\u00e9uni des universitaires, des diplomates, des praticiens et des repr\u00e9sentants d&rsquo;organisations confessionnelles et de la soci\u00e9t\u00e9 civile afin de r\u00e9fl\u00e9chir \u00e0 l&rsquo;h\u00e9ritage du p\u00e8re Benzi et d&rsquo;aborder des questions urgentes li\u00e9es \u00e0 la justice, \u00e0 la solidarit\u00e9 et \u00e0 la dignit\u00e9 humaine. L&rsquo;ambassadeur Michel Veuthey a fait une pr\u00e9sentation sur \u00ab La traite des \u00eatres humains aujourd&rsquo;hui, le cas sp\u00e9cifique de la traite \u00e0 des fins sexuelles \u00bb.<\/p>\n<p>La conf\u00e9rence \u00e9tait structur\u00e9e en trois panels :<\/p>\n<ul>\n<li>Panel 1 \u2013 La soci\u00e9t\u00e9 de la gratuit\u00e9 : exploration des principes de gratuit\u00e9 et des droits de l&rsquo;homme comme fondement de la justice sociale. Parmi les intervenants figuraient Maria Mercedes Rossi, le p\u00e8re Marco Pagniello et le professeur Marco Mascia.<\/li>\n<li>Panel 2 \u2013 Traite des \u00eatres humains et prostitution : ax\u00e9 sur les m\u00e9canismes, les itin\u00e9raires et les d\u00e9fis de la traite des \u00eatres humains, avec l&rsquo;ambassadeur Veuthey et Ad\u0131na Ballan pr\u00e9sentant des strat\u00e9gies pour lutter contre l&rsquo;exploitation et soutenir les victimes.<\/li>\n<li>Panel 3 \u2013 Prison, justice et \u00e9ducation : a abord\u00e9 la justice r\u00e9paratrice et \u00e9ducative dans les prisons, avec des interventions du professeur Adolfo Ceretti et de Giorgio Pieri.<\/li>\n<\/ul>\n<p>La conf\u00e9rence a mis en \u00e9vidence la pertinence durable de la vision du p\u00e8re Benzi : construire une soci\u00e9t\u00e9 fond\u00e9e sur la justice, et non sur la charit\u00e9, et favoriser la collaboration pour prot\u00e9ger les plus vuln\u00e9rables.<\/p>\n<p><a href=\"https:\/\/kdrive.infomaniak.com\/app\/share\/111675\/21f49e73-7e79-4398-bce6-314c563a7312\/preview\/pdf\/2369616\">Ici<\/a> le texte de son intervention.<\/p>\n","news_gallery":"no","hidden_news":"no","cover_image_copyrighted":false},"news_categories":[],"_links":{"self":[{"href":"https:\/\/nohumantrafficking.orderofmalta.int\/fr\/wp-json\/wp\/v2\/notizie\/6297","targetHints":{"allow":["GET"]}}],"collection":[{"href":"https:\/\/nohumantrafficking.orderofmalta.int\/fr\/wp-json\/wp\/v2\/notizie"}],"about":[{"href":"https:\/\/nohumantrafficking.orderofmalta.int\/fr\/wp-json\/wp\/v2\/types\/news"}],"version-history":[{"count":0,"href":"https:\/\/nohumantrafficking.orderofmalta.int\/fr\/wp-json\/wp\/v2\/notizie\/6297\/revisions"}],"wp:attachment":[{"href":"https:\/\/nohumantrafficking.orderofmalta.int\/fr\/wp-json\/wp\/v2\/media?parent=6297"}],"curies":[{"name":"wp","href":"https:\/\/api.w.org\/{rel}","templated":true}]}}