{"id":6269,"date":"2025-08-19T15:23:21","date_gmt":"2025-08-19T14:23:21","guid":{"rendered":"https:\/\/nohumantrafficking.orderofmalta.int\/?post_type=news&#038;p=6269"},"modified":"2025-08-21T17:53:15","modified_gmt":"2025-08-21T16:53:15","slug":"forum-interreligieux-du-g20-afrique-du-sud-ubuntu-en-action-focus-sur-les-communautes-vulnerables-le-cap-du-10-au-14-aout-2025","status":"publish","type":"news","link":"https:\/\/nohumantrafficking.orderofmalta.int\/fr\/actualites\/forum-interreligieux-du-g20-afrique-du-sud-ubuntu-en-action-focus-sur-les-communautes-vulnerables-le-cap-du-10-au-14-aout-2025\/","title":{"rendered":"Forum interreligieux du G20, Afrique du Sud : Ubuntu en action : focus sur les communaut\u00e9s vuln\u00e9rables, Le Cap, du 10 au 14 ao\u00fbt 2025"},"featured_media":0,"menu_order":0,"template":"","class_list":["post-6269","news","type-news","status-publish","hentry"],"acf":{"evidence":"yes","breaking":"no","focus_on":"no","news_cover":{"id":6256,"url":"https:\/\/nohumantrafficking.orderofmalta.int\/wp-content\/uploads\/sites\/18\/2025\/08\/IMG_2655-scaled-e1755613476839.jpeg"},"news_content":"<p>Du 10 au 14 ao\u00fbt 2025, l&rsquo;ambassadeur Michel Veuthey a \u00e9t\u00e9 invit\u00e9 \u00e0 participer au Forum interconfessionnel du G20 \u00e0 Cape Town, en Afrique du Sud.<br \/>\nCe forum vise \u00e0 favoriser la mise en place de solutions concr\u00e8tes pour relever des d\u00e9fis tels que la polarisation sociale, les in\u00e9galit\u00e9s \u00e9conomiques<br \/>\net sociales, et la traite des \u00eatres humains. Il cherche \u00e0 tirer parti des croyances religieuses et des efforts des personnes inspir\u00e9es par la foi pour promouvoir un d\u00e9veloppement mondial durable, en particulier les objectifs de d\u00e9veloppement durable (ODD) des Nations unies. Le Forum interconfessionnel du G20 esp\u00e8re \u00e9galement catalyser un changement de politique parmi les pays du G20 qui sont ouverts \u00e0 une coop\u00e9ration strat\u00e9gique entre les gouvernements et les acteurs religieux.<\/p>\n<p>L&rsquo;Ordre souverain de Malte \u00e9tait repr\u00e9sent\u00e9 par deux d\u00e9l\u00e9gu\u00e9s :<br \/>\n&#8211; Michel Veuthey, Ambassadeur charg\u00e9 de surveiller et de lutter contre la traite des \u00eatres humains.<br \/>\n&#8211; Michael P. Murphy, KM, Ambassadeur au Lesotho et repr\u00e9sentant permanent aupr\u00e8s de la Commission de l&rsquo;Union africaine.<\/p>\n<p>L&rsquo;ambassadeur Michel Veuthey a \u00e9t\u00e9 invit\u00e9 \u00e0 prendre la parole lors du panel \u00ab La lutte contre la traite des \u00eatres humains : perspectives pour 2030 \u00bb. Dans son discours, il a soulign\u00e9 l&rsquo;importance de mettre en \u0153uvre des instruments juridiques qui d\u00e9finissent la traite des \u00eatres humains par ses trois \u00e9l\u00e9ments : l&rsquo;acte, les moyens et le but de l&rsquo;exploitation. Il a not\u00e9 que, bien que la sensibilisation mondiale ait augment\u00e9, l&rsquo;application des lois existantes est \u00e0 la tra\u00eene et les r\u00e9ponses restent fragment\u00e9es et sous-financ\u00e9es.<\/p>\n<p>L&rsquo;ambassadeur Veuthey a ensuite propos\u00e9 une approche coordonn\u00e9e et centr\u00e9e sur les victimes, ax\u00e9e sur cinq domaines cl\u00e9s : la pr\u00e9vention, la protection, la justice, l&rsquo;autonomisation et le changement structurel. Il a recommand\u00e9 d&rsquo;utiliser de mani\u00e8re synergique tous les cadres juridiques, y compris les droits de l&rsquo;homme, le droit du travail et le droit des r\u00e9fugi\u00e9s, afin d&rsquo;aborder la question de mani\u00e8re globale. Il a \u00e9galement soulign\u00e9 la n\u00e9cessit\u00e9 de s&rsquo;attaquer aux causes profondes de la traite des \u00eatres humains et de tenir les \u00c9tats, les entreprises et la soci\u00e9t\u00e9 civile responsables de la perp\u00e9tuation de l&rsquo;impunit\u00e9 et des profits tir\u00e9s de l&rsquo;exploitation.<\/p>\n<p>Au cours de la s\u00e9ance de questions-r\u00e9ponses, l&rsquo;ambassadeur Michel Veuthey a soutenu la proposition faite par Kevin Hyland, OBE, Praeveni Global et Santa Marta Group, visant \u00e0 cr\u00e9er un organisme mondial de coordination de la lutte contre la traite des \u00eatres humains, soutenu par le G20. Cet organisme devrait inclure les \u00c9tats, les organisations internationales, les organisations confessionnelles et les organisations de la soci\u00e9t\u00e9 civile.<\/p>\n<p>Il a conclu qu&rsquo;au-del\u00e0 des campagnes politiques et des batailles juridiques, nous devons reconna\u00eetre la dimension spirituelle de l&rsquo;esclavage. Nous devons prier pour les victimes, ceux qui les aident et la conversion des trafiquants.<\/p>\n<p>Cette semaine de conf\u00e9rence intensive a \u00e9t\u00e9 une occasion pr\u00e9cieuse de renforcer les relations avec diverses parties prenantes et de promouvoir le travail de l&rsquo;Ordre de Malte.<\/p>\n<p>Vous pouvez acc\u00e9der \u00e0 la pr\u00e9sentation de l&rsquo;Ambassadeur <a href=\"https:\/\/kdrive.infomaniak.com\/app\/share\/111675\/33ec4840-5808-43d2-ba7b-0ff2e34139ab\">ICI<\/a>.<\/p>\n","news_gallery":"yes","news_gallery_elements":[{"id":6252,"url":"https:\/\/nohumantrafficking.orderofmalta.int\/wp-content\/uploads\/sites\/18\/2025\/08\/IMG_2661-scaled.jpeg"},{"id":6254,"url":"https:\/\/nohumantrafficking.orderofmalta.int\/wp-content\/uploads\/sites\/18\/2025\/08\/IMG_2657-scaled.jpeg"},{"id":6258,"url":"https:\/\/nohumantrafficking.orderofmalta.int\/wp-content\/uploads\/sites\/18\/2025\/08\/IMG_2652-scaled.jpeg"},{"id":6262,"url":"https:\/\/nohumantrafficking.orderofmalta.int\/wp-content\/uploads\/sites\/18\/2025\/08\/IMG_2622-scaled.jpeg"},{"id":6264,"url":"https:\/\/nohumantrafficking.orderofmalta.int\/wp-content\/uploads\/sites\/18\/2025\/08\/IMG_2499-scaled.jpeg"},{"id":6266,"url":"https:\/\/nohumantrafficking.orderofmalta.int\/wp-content\/uploads\/sites\/18\/2025\/08\/IMG_2489-scaled.jpeg"}],"hidden_news":"no","cover_image_copyrighted":false},"news_categories":[],"_links":{"self":[{"href":"https:\/\/nohumantrafficking.orderofmalta.int\/fr\/wp-json\/wp\/v2\/notizie\/6269","targetHints":{"allow":["GET"]}}],"collection":[{"href":"https:\/\/nohumantrafficking.orderofmalta.int\/fr\/wp-json\/wp\/v2\/notizie"}],"about":[{"href":"https:\/\/nohumantrafficking.orderofmalta.int\/fr\/wp-json\/wp\/v2\/types\/news"}],"version-history":[{"count":0,"href":"https:\/\/nohumantrafficking.orderofmalta.int\/fr\/wp-json\/wp\/v2\/notizie\/6269\/revisions"}],"wp:attachment":[{"href":"https:\/\/nohumantrafficking.orderofmalta.int\/fr\/wp-json\/wp\/v2\/media?parent=6269"}],"curies":[{"name":"wp","href":"https:\/\/api.w.org\/{rel}","templated":true}]}}