{"id":6192,"date":"2025-07-10T09:20:06","date_gmt":"2025-07-10T08:20:06","guid":{"rendered":"https:\/\/nohumantrafficking.orderofmalta.int\/?post_type=news&#038;p=6192"},"modified":"2025-07-10T09:31:03","modified_gmt":"2025-07-10T08:31:03","slug":"reunion-du-hcr-sur-le-theme-des-promesses-a-la-pratique-renforcer-les-reponses-aux-alternatives-a-la-detention-a-la-protection-en-mer-et-a-la-traite-des-etres-humains-07-07-2025-geneve","status":"publish","type":"news","link":"https:\/\/nohumantrafficking.orderofmalta.int\/fr\/actualites\/reunion-du-hcr-sur-le-theme-des-promesses-a-la-pratique-renforcer-les-reponses-aux-alternatives-a-la-detention-a-la-protection-en-mer-et-a-la-traite-des-etres-humains-07-07-2025-geneve\/","title":{"rendered":"R\u00e9union du HCR sur le th\u00e8me \u00ab\u00a0Des promesses \u00e0 la pratique : Renforcer les r\u00e9ponses aux alternatives \u00e0 la d\u00e9tention, \u00e0 la protection en mer et \u00e0 la traite des \u00eatres humains\u00a0\u00bb &#8211; 07.07.2025, Gen\u00e8ve"},"featured_media":0,"menu_order":0,"template":"","class_list":["post-6192","news","type-news","status-publish","hentry"],"acf":{"evidence":"no","breaking":"no","focus_on":"no","news_cover":{"id":6190,"url":"https:\/\/nohumantrafficking.orderofmalta.int\/wp-content\/uploads\/sites\/18\/2025\/07\/Capture-de\u0301cran-2025-07-10-a\u0300-09.49.53-e1752136321447.png"},"news_content":"<p>Le 7 juillet, l&rsquo;Ambassadeur Michel Veuthey a \u00e9t\u00e9 invit\u00e9 \u00e0 participer \u00e0 une r\u00e9union organis\u00e9e par le HCR en pr\u00e9paration de la r\u00e9union des hauts fonctionnaires du Forum mondial sur les r\u00e9fugi\u00e9s qui se tiendra du 15 au 17 d\u00e9cembre 2025. L&rsquo;\u00e9v\u00e9nement \u00e9tait intitul\u00e9 : \u00ab\u00a0Des promesses \u00e0 la pratique : Renforcer les r\u00e9ponses aux alternatives \u00e0 la d\u00e9tention, \u00e0 la protection en mer et \u00e0 la traite des \u00eatres humains\u00a0\u00bb.<\/p>\n<p>La r\u00e9union a rassembl\u00e9 la Haut-Commissaire assistante pour la protection, des membres de missions permanentes et des repr\u00e9sentants d&rsquo;organisations internationales et de la soci\u00e9t\u00e9 civile. Elle a \u00e9t\u00e9 l&rsquo;occasion de discussions approfondies.<\/p>\n<p>Au cours de la r\u00e9union, les participants ont discut\u00e9 des liens \u00e9troits entre les r\u00e9fugi\u00e9s, la traite des \u00eatres humains et la protection en mer, ainsi que des engagements pris par les OI et les organisations de la soci\u00e9t\u00e9 civile dans le cadre du Forum mondial sur les r\u00e9fugi\u00e9s. Dans les cas de d\u00e9placements forc\u00e9s, les causes profondes qui rendent les personnes vuln\u00e9rables sont exacerb\u00e9es. En outre, certains cadres juridiques nationaux ou r\u00e9gionaux ne sont pas conformes au droit international, ce qui entra\u00eene des situations tragiques. De nombreux pays appliquent des mesures punitives \u00e0 l&rsquo;encontre des victimes de la traite ou des demandeurs d&rsquo;asile en situation irr\u00e9guli\u00e8re. Par exemple, ils pratiquent la d\u00e9tention et ne respectent pas le principe de non-refoulement. Les participants ont donc insist\u00e9 sur la n\u00e9cessit\u00e9 de mettre en \u0153uvre diverses recommandations, telles que la garantie de possibilit\u00e9s et de voies de migration s\u00fbres (par exemple, la r\u00e9installation et le regroupement familial) ; l&rsquo;adoption d&rsquo;une approche de la migration fond\u00e9e sur les itin\u00e9raires (c&rsquo;est-\u00e0-dire une approche qui aborde la migration le long des routes et pas seulement \u00e0 l&rsquo;int\u00e9rieur des fronti\u00e8res d&rsquo;un pays) ; le respect des droits des demandeurs d&rsquo;asile ; l&rsquo;inclusion des r\u00e9fugi\u00e9s et des personnes d\u00e9plac\u00e9es dans les plans nationaux de lutte contre la traite ; le respect des droits des r\u00e9fugi\u00e9s selon l&rsquo;ECOSOC ; l&rsquo;am\u00e9lioration de l&rsquo;efficacit\u00e9 des proc\u00e9dures de filtrage aux fronti\u00e8res ; et la mise en \u0153uvre de solutions de remplacement \u00e0 la d\u00e9tention.<\/p>\n<p>Dans son intervention, l&rsquo;Ambassadeur Michel Veuthey a pr\u00e9sent\u00e9 les futurs \u00e9v\u00e9nements que son bureau organisera : un \u00e9v\u00e9nement parall\u00e8le pour la Journ\u00e9e mondiale de la p\u00eache (21 novembre), la Conf\u00e9rence de Rome sur la traite des \u00eatres humains (10 d\u00e9cembre) et un cours en ligne sur les r\u00e9fugi\u00e9s et la traite des \u00eatres humains organis\u00e9 en collaboration avec l&rsquo;UNITAR du 20 janvier au 12 f\u00e9vrier 2026.<\/p>\n<p>Vous pouvez trouver l&rsquo;intervention <a href=\"https:\/\/kdrive.infomaniak.com\/app\/share\/111675\/24df4ce1-d527-4d95-b41a-e1d55b6d9262\">ICI<\/a>.<\/p>\n","news_gallery":"no","hidden_news":"no","cover_image_copyrighted":false},"news_categories":[],"_links":{"self":[{"href":"https:\/\/nohumantrafficking.orderofmalta.int\/fr\/wp-json\/wp\/v2\/notizie\/6192","targetHints":{"allow":["GET"]}}],"collection":[{"href":"https:\/\/nohumantrafficking.orderofmalta.int\/fr\/wp-json\/wp\/v2\/notizie"}],"about":[{"href":"https:\/\/nohumantrafficking.orderofmalta.int\/fr\/wp-json\/wp\/v2\/types\/news"}],"version-history":[{"count":0,"href":"https:\/\/nohumantrafficking.orderofmalta.int\/fr\/wp-json\/wp\/v2\/notizie\/6192\/revisions"}],"wp:attachment":[{"href":"https:\/\/nohumantrafficking.orderofmalta.int\/fr\/wp-json\/wp\/v2\/media?parent=6192"}],"curies":[{"name":"wp","href":"https:\/\/api.w.org\/{rel}","templated":true}]}}