{"id":6014,"date":"2025-05-13T10:19:01","date_gmt":"2025-05-13T09:19:01","guid":{"rendered":"https:\/\/nohumantrafficking.orderofmalta.int\/?post_type=news&#038;p=6014"},"modified":"2025-05-13T10:21:02","modified_gmt":"2025-05-13T09:21:02","slug":"reunions-de-haut-niveau-sur-la-lutte-contre-la-traite-des-etres-humains-geneve-8-mai-2025","status":"publish","type":"news","link":"https:\/\/nohumantrafficking.orderofmalta.int\/fr\/actualites\/reunions-de-haut-niveau-sur-la-lutte-contre-la-traite-des-etres-humains-geneve-8-mai-2025\/","title":{"rendered":"R\u00e9unions de haut niveau sur la lutte contre la traite des \u00eatres humains \u2013 Gen\u00e8ve, 8 mai 2025"},"featured_media":0,"menu_order":0,"template":"","class_list":["post-6014","news","type-news","status-publish","hentry"],"acf":{"evidence":"no","breaking":"no","focus_on":"no","news_cover":{"id":6008,"url":"https:\/\/nohumantrafficking.orderofmalta.int\/wp-content\/uploads\/sites\/18\/2025\/05\/1-scaled-e1747145635868.jpg"},"news_content":"<p class=\"\" data-start=\"196\" data-end=\"558\">Le 8 mai 2025, S.E. Michel Veuthey, Ambassadeur charg\u00e9 de la lutte contre la traite des \u00eatres humains, et M. Kevin Hyland OBE, CEO de PRAEVENI Global et Directeur de la strat\u00e9gie du Santa Marta Group, ont tenu une s\u00e9rie de r\u00e9unions bilat\u00e9rales avec d\u2019importants repr\u00e9sentants diplomatiques \u00e0 Gen\u00e8ve.<\/p>\n<p class=\"\" data-start=\"560\" data-end=\"884\">Ils ont \u00e9t\u00e9 re\u00e7us par S.E. l\u2019Ambassadeur Christian Guillermet-Fern\u00e1ndez, Repr\u00e9sentant permanent du Costa Rica aupr\u00e8s des Nations Unies \u00e0 Gen\u00e8ve ; Mme Tsholofelo Glenda Tsheole, Repr\u00e9sentante permanente adjointe de l\u2019Afrique du Sud ; ainsi que Mme Veronica Waeni Nzioki, Deuxi\u00e8me Conseill\u00e8re \u00e0 la Mission permanente du Kenya.<\/p>\n<p class=\"\" data-start=\"886\" data-end=\"1326\">Les \u00e9changes ont port\u00e9 sur la n\u00e9cessit\u00e9 urgente de renforcer l\u2019action internationale, concr\u00e8te et coordonn\u00e9e, contre la traite des \u00eatres humains. Les participants ont partag\u00e9 leurs perspectives nationales et r\u00e9gionales sur la pr\u00e9vention, la protection des victimes, et la poursuite judiciaire des trafiquants, tout en soulignant l\u2019importance d\u2019une coop\u00e9ration \u00e9troite entre les \u00c9tats, les organisations internationales et la soci\u00e9t\u00e9 civile.<\/p>\n<p class=\"\" data-start=\"1328\" data-end=\"1918\">Ces rencontres ont \u00e9galement permis de pr\u00e9senter et de solliciter un soutien pour une conf\u00e9rence internationale de haut niveau \u00e0 venir, coorganis\u00e9e par l\u2019Ordre Souverain de Malte, PRAEVENI Global, et le Professeur Hans Zollner SJ, Directeur de l\u2019Institut d\u2019Anthropologie. \u00c9tudes interdisciplinaires sur la dignit\u00e9 humaine et le soin (IADC) de l\u2019Universit\u00e9 pontificale gr\u00e9gorienne \u00e0 Rome. Cette conf\u00e9rence visera \u00e0 faire progresser les efforts mondiaux contre la traite \u00e0 travers le dialogue, le partage des bonnes pratiques et des recommandations politiques centr\u00e9es sur la dignit\u00e9 humaine.<\/p>\n<p class=\"\" data-start=\"1641\" data-end=\"1843\">\n","news_gallery":"yes","news_gallery_elements":[{"id":6010,"url":"https:\/\/nohumantrafficking.orderofmalta.int\/wp-content\/uploads\/sites\/18\/2025\/05\/2-scaled.jpg"},{"id":6012,"url":"https:\/\/nohumantrafficking.orderofmalta.int\/wp-content\/uploads\/sites\/18\/2025\/05\/3-scaled.jpg"}],"hidden_news":"no"},"news_categories":[],"_links":{"self":[{"href":"https:\/\/nohumantrafficking.orderofmalta.int\/fr\/wp-json\/wp\/v2\/notizie\/6014","targetHints":{"allow":["GET"]}}],"collection":[{"href":"https:\/\/nohumantrafficking.orderofmalta.int\/fr\/wp-json\/wp\/v2\/notizie"}],"about":[{"href":"https:\/\/nohumantrafficking.orderofmalta.int\/fr\/wp-json\/wp\/v2\/types\/news"}],"version-history":[{"count":0,"href":"https:\/\/nohumantrafficking.orderofmalta.int\/fr\/wp-json\/wp\/v2\/notizie\/6014\/revisions"}],"wp:attachment":[{"href":"https:\/\/nohumantrafficking.orderofmalta.int\/fr\/wp-json\/wp\/v2\/media?parent=6014"}],"curies":[{"name":"wp","href":"https:\/\/api.w.org\/{rel}","templated":true}]}}