{"id":374,"date":"2021-02-18T16:55:40","date_gmt":"2021-02-18T15:55:40","guid":{"rendered":"https:\/\/nohumantrafficking.smom.rc.77test.co.uk\/news\/podcast-nadia-meriboute-sur-le-droit-face-a-la-traite-des-etres-humains\/"},"modified":"2023-04-17T14:04:02","modified_gmt":"2023-04-17T13:04:02","slug":"podcast-nadia-meriboute-sur-le-droit-face-a-la-traite-des-etres-humains","status":"publish","type":"news","link":"https:\/\/nohumantrafficking.orderofmalta.int\/fr\/actualites\/podcast-nadia-meriboute-sur-le-droit-face-a-la-traite-des-etres-humains\/","title":{"rendered":"PODCAST \u2014 Nadia Meriboute sur le droit face \u00e0 la traite des \u00eatres humains"},"featured_media":375,"menu_order":0,"template":"","class_list":["post-374","news","type-news","status-publish","hentry"],"acf":{"focus_on":"no","breaking":"no","news_cover":{"id":375,"url":"https:\/\/nohumantrafficking.orderofmalta.int\/wp-content\/uploads\/sites\/18\/2022\/06\/Capto_Capture-2021-02-09_04-13-22_PM-1.png"},"news_content":"<p>L&rsquo;Ambassadeur de l&rsquo;Ordre de Malte pour combattre la traite d&rsquo;\u00eatres humains donne la parole \u00e0 une jeune avocate qui a brillamment d\u00e9fendu une th\u00e8se de doctorat en octobre 2020 \u00a0sur \u00ab\u00a0La traite d&rsquo;\u00eatres humains \u00e0 des fins d&rsquo;exploitation du travail\u00a0\u00bb \u00e0 la Facult\u00e9 de droit de l&rsquo;Universit\u00e9 de Gen\u00e8ve. En vingt minutes, on trouvera ici une introduction au contexte juridique national, r\u00e9gional et international de la lutte contre ce fl\u00e9au moderne.<\/p>\n<p><span style=\"color: #0000ff\"><a style=\"color: #0000ff\" title=\"https:\/\/www.bigmarker.com\/cuhd-coll-ge-universitaire\/IMPACT-OF-HUMAN-TRAFFICKING-ON-HEALTH-HEALING?utm_bmcr_source=OM SITE\" href=\"https:\/\/nohumantrafficking.podbean.com\/e\/nadia-meriboute-sur-le-droit-face-a-la-traite-des-etres-humains\/\" target=\"_blank\" rel=\"noopener noreferrer\"><u>Lien pour \u00e9couter le podcast<\/u><\/a><\/span><\/p>\n\n","news_gallery":"yes","news_gallery_elements":[{"id":377,"url":"https:\/\/nohumantrafficking.orderofmalta.int\/wp-content\/uploads\/sites\/18\/2022\/06\/Nadia-Meriboute-sur-le-droit-face-a-la-traite-des-etres-humains-2048x1294-1.jpg"},{"id":379,"url":"https:\/\/nohumantrafficking.orderofmalta.int\/wp-content\/uploads\/sites\/18\/2022\/06\/41605bf7bf94c3d428b805f2bc0fb8dd.jpg"}],"news_excerpt":"L'Ambassadeur de l'Ordre de Malte pour combattre la traite d'\u00eatres humains donne la parole \u00e0 une jeune avocate qui a brillamment d\u00e9fendu une th\u00e8se de doctorat en octobre 2020 \u00a0sur \"La traite d'\u00eatres humains \u00e0 des fins d'exploitation du travail\" \u00e0 la Facult\u00e9 de droit de l'Universit\u00e9 de Gen\u00e8ve.","evidence":"no","hidden_news":"no"},"news_categories":[],"_links":{"self":[{"href":"https:\/\/nohumantrafficking.orderofmalta.int\/fr\/wp-json\/wp\/v2\/notizie\/374","targetHints":{"allow":["GET"]}}],"collection":[{"href":"https:\/\/nohumantrafficking.orderofmalta.int\/fr\/wp-json\/wp\/v2\/notizie"}],"about":[{"href":"https:\/\/nohumantrafficking.orderofmalta.int\/fr\/wp-json\/wp\/v2\/types\/news"}],"version-history":[{"count":0,"href":"https:\/\/nohumantrafficking.orderofmalta.int\/fr\/wp-json\/wp\/v2\/notizie\/374\/revisions"}],"wp:featuredmedia":[{"embeddable":true,"href":"https:\/\/nohumantrafficking.orderofmalta.int\/fr\/wp-json\/wp\/v2\/media\/375"}],"wp:attachment":[{"href":"https:\/\/nohumantrafficking.orderofmalta.int\/fr\/wp-json\/wp\/v2\/media?parent=374"}],"curies":[{"name":"wp","href":"https:\/\/api.w.org\/{rel}","templated":true}]}}