{"id":373,"date":"2021-02-08T15:46:24","date_gmt":"2021-02-08T14:46:24","guid":{"rendered":"https:\/\/nohumantrafficking.smom.rc.77test.co.uk\/news\/homelie-pour-la-fete-de-saint-josephine-bakhita-pour-la-journee-mondiale-de-priere-et-de-reflexion-contre-la-traite-des-etres-humains\/"},"modified":"2023-04-17T14:05:09","modified_gmt":"2023-04-17T13:05:09","slug":"homelie-pour-la-fete-de-saint-josephine-bakhita-pour-la-journee-mondiale-de-priere-et-de-reflexion-contre-la-traite-des-etres-humains","status":"publish","type":"news","link":"https:\/\/nohumantrafficking.orderofmalta.int\/fr\/actualites\/homelie-pour-la-fete-de-saint-josephine-bakhita-pour-la-journee-mondiale-de-priere-et-de-reflexion-contre-la-traite-des-etres-humains\/","title":{"rendered":"Hom\u00e9lie pour la f\u00eate de Saint Josephine Bakhita pour la Journ\u00e9e mondiale de pri\u00e8re et de r\u00e9flexion contre la traite des \u00eatres humains"},"featured_media":174,"menu_order":0,"template":"","class_list":["post-373","news","type-news","status-publish","hentry"],"acf":{"focus_on":"no","breaking":"no","news_cover":{"id":174,"url":"https:\/\/nohumantrafficking.orderofmalta.int\/wp-content\/uploads\/sites\/18\/2022\/06\/DSC01208-copie-scaled.jpg"},"news_content":"<p style=\"text-align: center\"><strong>\u00c9glise de Sainte Trinit\u00e9, Gen\u00e8ve, Suisse<\/strong><\/p>\n<p style=\"text-align: center\"><strong>Par Mgr Robert J. Vitillo, 8 f\u00e9vrier 2021<\/strong><\/p>\n<p style=\"text-align: center\"><em><strong>Lectures des \u00c9critures : Lundi, 4\u00e8me semaine des temps ordinaires &#8211; Gen\u00e8se 1:1-19 ; Psaume 103 ; Marc 6:53-56<\/strong><\/em><\/p>\n<p>&nbsp;<\/p>\n<p>Vos Excellences, le Nonce Apostolique et les autres Repr\u00e9sentants des Nations Unies \u00e0 Gen\u00e8ve, mes fr\u00e8res pr\u00eatres, les Religieux R\u00e9v\u00e9rendissimes et toutes mes s\u0153urs et fr\u00e8res dans le Seigneur,<\/p>\n<p>Peut-\u00eatre qu&rsquo;\u00e0 premi\u00e8re vue, la relation entre les lectures des \u00c9critures, pr\u00e9vues pour aujourd&rsquo;hui, et le but imm\u00e9diat de notre assembl\u00e9e de ce soir ne semble pas \u00e9vidente. Mais, avec quelques moments de r\u00e9flexion commune et d&rsquo;ouverture des c\u0153urs et des \u00e2mes, nous pouvons \u00eatre assur\u00e9s de la gr\u00e2ce et de la pr\u00e9sence de Dieu parmi nous alors que nous discernons sa Parole et que nous c\u00e9l\u00e9brons une fois de plus la vie, la mort et la r\u00e9surrection de son Fils et de notre Seigneur J\u00e9sus-Christ. En effet, en partageant Son Corps et Son Sang m\u00eame \u00e0 travers ce sacrifice et ce m\u00e9morial eucharistique, nous entrons pleinement dans la source et le sommet de toute notre pri\u00e8re.<\/p>\n<p>La premi\u00e8re lecture, prise au d\u00e9but de l&rsquo;Ancien Testament, rappelle l&rsquo;action d\u00e9cisive du Dieu cr\u00e9ateur pour former les cieux et la terre. Il nous est dit que Dieu a cr\u00e9\u00e9 la lumi\u00e8re \u00ab\u00a0et qu&rsquo;il a vu qu&rsquo;elle \u00e9tait bonne\u00a0\u00bb. Nous suivrons \u00e9galement l&rsquo;histoire de la cr\u00e9ation demain, lorsque nous apprendrons que Dieu a achev\u00e9 cette phase de puissance cr\u00e9atrice humainement inimaginable en fa\u00e7onnant l&rsquo;homme et la femme \u00e0 son image et \u00e0 sa ressemblance et, une fois encore, en reconnaissant ce fruit de Son action comme \u00ab\u00a0tr\u00e8s bon\u00a0\u00bb.<br \/>\nMais, comme nous le savons, Dieu a donn\u00e9 aux femmes et aux hommes le libre arbitre et, tant aux origines de notre univers qu&rsquo;\u00e0 l&rsquo;heure actuelle, nous abusons souvent de cette volont\u00e9 en rejetant l&rsquo;amour omnipr\u00e9sent de Dieu et en pr\u00e9f\u00e9rant agir sous le couvert de l&rsquo;obscurit\u00e9, de la tromperie et du manque de respect, tant pour notre foyer commun dans ce monde que pour nos s\u0153urs et fr\u00e8res de cette famille humaine.<\/p>\n<p>La plupart d&rsquo;entre nous se sont rassembl\u00e9s en raison de la profonde inqui\u00e9tude et de la tristesse \u00e9crasante que suscite l&rsquo;action sombre et p\u00e9cheresse que constituent la traite des \u00eatres humains et les autres formes d&rsquo;esclavage moderne. En fait, notre Saint-P\u00e8re le Pape Fran\u00e7ois a rejoint ses pr\u00e9d\u00e9cesseurs en qualifiant, \u00e0 juste titre et sans h\u00e9sitation, cette action odieuse de crime contre l&rsquo;humanit\u00e9.<\/p>\n<p>Sainte Jos\u00e9phine Bakhita, dont nous honorons aujourd&rsquo;hui la m\u00e9moire et la vie sainte, a v\u00e9cu ce crime dans son corps, son esprit, son c\u0153ur et son \u00e2me. N\u00e9e au Soudan, elle a \u00e9t\u00e9 kidnapp\u00e9e par des marchands d&rsquo;esclaves, battue et marqu\u00e9e \u00e0 vie, et vendue cinq fois sur des march\u00e9s d&rsquo;esclaves. Enfin, elle a \u00e9t\u00e9 achet\u00e9e par un marchand italien, puis trafiqu\u00e9e vers l&rsquo;Italie, et a servi la famille d&rsquo;un diplomate italien, qui l&rsquo;aimait profond\u00e9ment et qui l&rsquo;a finalement aid\u00e9e \u00e0 d\u00e9couvrir un \u00ab\u00a0ma\u00eetre\u00a0\u00bb, ou paron, comme elle l&rsquo;a appris en dialecte v\u00e9nitien, qui est la source de tout le bien, qui s&rsquo;est manifest\u00e9 sur cette terre, par le sacrifice d&rsquo;amour de son Fils unique, l&rsquo;Emmanuel, Dieu-avec-nous. C&rsquo;\u00e9tait l&rsquo;amour dont elle avait soif toute sa vie, mais qu&rsquo;elle n&rsquo;esp\u00e9rait pas conna\u00eetre. Et elle \u00e9tait encore plus \u00e9tonn\u00e9e que ce paron ait lui-m\u00eame \u00e9t\u00e9 fouett\u00e9 et clou\u00e9 sur une croix &#8211; afin de vaincre tout le mal, le p\u00e9ch\u00e9 et la mort pour toujours, et de l&rsquo;inviter, elle et nous tous, \u00e0 participer \u00e0 la bont\u00e9 divine et \u00e9ternelle du Paradis. Jos\u00e9phine a d\u00fb surmonter d&rsquo;autres obstacles dans sa vie pour recevoir le bapt\u00eame, pour affronter les autorit\u00e9s italiennes afin de chercher \u00e0 s&rsquo;\u00e9manciper et pour \u00eatre accept\u00e9e dans la congr\u00e9gation religieuse des S\u0153urs Canossiennes.<br \/>\nS\u0153ur Jos\u00e9phine a mis sa vie religieuse en action en promouvant les vocations missionnaires en Italie &#8211; elle voulait tellement pr\u00e9server le charisme qui l&rsquo;a aid\u00e9e \u00e0 faire l&rsquo;exp\u00e9rience de la lib\u00e9ration, en la pr\u00e9sentant au gentil, doux et gentil Ma\u00eetre, le Seigneur J\u00e9sus-Christ. Comme le Pape \u00e9m\u00e9rite Beno\u00eet XVI l&rsquo;a d\u00e9crit dans sa vocation, \u00ab\u00a0l&rsquo;esp\u00e9rance n\u00e9e en elle, elle ne pouvait pas la garder pour elle ; cette esp\u00e9rance devait atteindre beaucoup de gens, atteindre tout le monde\u00a0\u00bb.<\/p>\n<p>Aujourd&rsquo;hui, sous le patronage et la protection c\u00e9leste de Sainte Jos\u00e9phine Bakhita, nous nous mettons au d\u00e9fi d&rsquo;affronter le ph\u00e9nom\u00e8ne complexe, accablant, douloureux, blessant et destructeur de la traite des \u00eatres humains. Ce faisant, nous osons litt\u00e9ralement regarder le mal dans les yeux. Pendant des d\u00e9cennies, apr\u00e8s l&rsquo;interdiction officielle de l&rsquo;esclavage dans de nombreuses r\u00e9gions du monde, nous nous sommes tromp\u00e9s nous-m\u00eames en pensant qu&rsquo;il avait \u00e9t\u00e9 \u00e9radiqu\u00e9 par une simple d\u00e9cision l\u00e9gislative ou judiciaire. Mais gr\u00e2ce au t\u00e9moignage courageux de nombreux croyants en l&rsquo;\u00c9vangile de J\u00e9sus et en d&rsquo;autres traditions religieuses, parmi lesquels les religieuses catholiques ont jou\u00e9 un r\u00f4le h\u00e9ro\u00efque, nous avons aujourd&rsquo;hui une conscience aigu\u00eb et douloureuse des millions de filles et de gar\u00e7ons, de femmes et d&rsquo;hommes dont la dignit\u00e9 donn\u00e9e par Dieu est ni\u00e9e et bafou\u00e9e, en ce jour m\u00eame et dans le monde entier, et qui sont soumis aux m\u00eames cicatrices physiques, \u00e9motionnelles et spirituelles que celles qu&rsquo;a subies, au XIXe si\u00e8cle, Sainte Jos\u00e9phine Bakhita.<\/p>\n<p>Alors que nous nous joignons \u00e0 l&rsquo;humble pri\u00e8re d&rsquo;aujourd&rsquo;hui, ne c\u00e9dons pas aux doutes et aux craintes concernant notre capacit\u00e9 \u00e0 faire face \u00e0 un mal mondial aussi envelopp\u00e9, enchev\u00eatr\u00e9, mais incroyablement lucratif que la traite des \u00eatres humains. Rappelons-nous qu&rsquo;en pr\u00e9sentant son propre dos pour \u00eatre flagell\u00e9, et ses propres bras et corps pour \u00eatre pendu \u00e0 la croix, J\u00e9sus a r\u00e9tabli la lumi\u00e8re dans un monde assombri par le p\u00e9ch\u00e9, et a offert le don de la vie \u00e9ternelle \u00e0 ses s\u0153urs et fr\u00e8res dont le corps et l&rsquo;\u00e2me sont soumis \u00e0 la souffrance et \u00e0 la mort terrestres. Touchons, spirituellement, le manteau de J\u00e9sus, comme l&rsquo;ont fait ses premiers disciples, car le passage de l&rsquo;\u00c9vangile pour aujourd&rsquo;hui nous dit que, ce faisant, ils ont \u00e9t\u00e9 gu\u00e9ris. Et voyageons avec les survivants de la traite des \u00eatres humains, \u00e9coutons ce qu&rsquo;ils ont \u00e0 dire, et ayons le courage d&rsquo;apprendre d&rsquo;eux comment nous pourrions emp\u00eacher ce crime de se perp\u00e9tuer \u00e0 travers notre trop fr\u00e9quente \u00ab\u00a0culture de l&rsquo;indiff\u00e9rence\u00a0\u00bb \u00e0 l&rsquo;\u00e9gard des p\u00e9riph\u00e9ries physiques, sociales, \u00e9conomiques et sociales qui continuent de s\u00e9vir dans notre monde fragile.<\/p>\n<p>Je terminerai par les mots du pape Fran\u00e7ois : \u00ab\u00a0Nous, les chr\u00e9tiens, croyons et savons que la r\u00e9surrection du Christ est la v\u00e9ritable esp\u00e9rance du monde, l&rsquo;esp\u00e9rance qui ne d\u00e9\u00e7oit pas &#8230; c&rsquo;est la puissance de cet amour qui s&rsquo;humilie et se donne jusqu&rsquo;au bout, et donc qui renouvelle vraiment le monde &#8230;\u00a0\u00bb. &#8230; elle porte les fruits de l&rsquo;esp\u00e9rance et de la dignit\u00e9 &#8230; l\u00e0 o\u00f9 il y a des migrants et des r\u00e9fugi\u00e9s (si souvent rejet\u00e9s par la culture du gaspillage d&rsquo;aujourd&rsquo;hui), et des victimes du trafic de drogue, de la traite des \u00eatres humains et des formes contemporaines d&rsquo;esclavage (P\u00e2ques 2018)\u00a0\u00bb.<\/p>\n\n<p>&nbsp;<\/p>\n","news_gallery":"no","news_excerpt":"\u00c9glise de Sainte Trinit\u00e9, Gen\u00e8ve, Suisse - Par Mgr Robert J. Vitillo, 8 f\u00e9vrier 2021; Lectures des \u00c9critures : Lundi, 4\u00e8me semaine des temps ordinaires - Gen\u00e8se 1:1-19 ; Psaume 103 ; Marc 6:53-56","evidence":"no","hidden_news":"no"},"news_categories":[],"_links":{"self":[{"href":"https:\/\/nohumantrafficking.orderofmalta.int\/fr\/wp-json\/wp\/v2\/notizie\/373","targetHints":{"allow":["GET"]}}],"collection":[{"href":"https:\/\/nohumantrafficking.orderofmalta.int\/fr\/wp-json\/wp\/v2\/notizie"}],"about":[{"href":"https:\/\/nohumantrafficking.orderofmalta.int\/fr\/wp-json\/wp\/v2\/types\/news"}],"version-history":[{"count":0,"href":"https:\/\/nohumantrafficking.orderofmalta.int\/fr\/wp-json\/wp\/v2\/notizie\/373\/revisions"}],"wp:featuredmedia":[{"embeddable":true,"href":"https:\/\/nohumantrafficking.orderofmalta.int\/fr\/wp-json\/wp\/v2\/media\/174"}],"wp:attachment":[{"href":"https:\/\/nohumantrafficking.orderofmalta.int\/fr\/wp-json\/wp\/v2\/media?parent=373"}],"curies":[{"name":"wp","href":"https:\/\/api.w.org\/{rel}","templated":true}]}}